{"id":1672,"date":"2017-05-21T08:51:58","date_gmt":"2017-05-21T07:51:58","guid":{"rendered":"https:\/\/formulacat.eines.info\/fc\/?p=1672"},"modified":"2017-05-22T11:13:58","modified_gmt":"2017-05-22T10:13:58","slug":"programa-148-sense-sal-candela-roots-vas-de-jas-i-mes","status":"publish","type":"post","link":"https:\/\/formulacat.eines.info\/fc\/?p=1672","title":{"rendered":"Programa 148: Sense Sal, Candela Roots, Vas de Jas i m\u00e9s!"},"content":{"rendered":"<p>Hem dedicat una bona part de l&#8217;edici\u00f3 148 del F\u00f3rmula.CAT al darrer treball dels Sense Sal &#8220;Nom\u00e9s tenim la veu&#8221;, \u00e9s el seu quart disc d&#8217;estudi i n&#8217;hem deixat sonar unes quantes!<\/p>\n<p>Tamb\u00e9 us hem presentat el nou LP dels valencians Candela Roots, anomenat &#8220;Humanit\u00e9&#8221;.<\/p>\n<p>Aquestes novetats, barrejades amb els cl\u00e0ssics de tots els temps, i tamb\u00e9 amb novetats recents presentades en anteriors programes (Brams, M\u00e0ia, Porto Bello) conformen aquest programa, el darrer del mes de maig 2017!<\/p>\n<p>Per cert, els darrers minuts de programa com ja \u00e9s habitual, dedicats a una can\u00e7\u00f3 en angl\u00e8s de grups emergents catalans: El &#8220;Bonus Track&#8221;. Aquesta setmana dedicats al quartet barcelon\u00ed &#8220;Vas de Jas&#8221;, recomanable 100% aix\u00ed com els seus ac\u00fastics \u00edntims!<\/p>\n<!--[if lt IE 9]><script>document.createElement('audio');<\/script><![endif]-->\n<audio class=\"wp-audio-shortcode\" id=\"audio-1672-1\" preload=\"none\" style=\"width: 100%;\" controls=\"controls\"><source type=\"audio\/mpeg\" src=\"https:\/\/archive.org\/download\/Formula.CAT\/formulacat_programa148_18052017.mp3?_=1\" \/><a href=\"https:\/\/archive.org\/download\/Formula.CAT\/formulacat_programa148_18052017.mp3\">https:\/\/archive.org\/download\/Formula.CAT\/formulacat_programa148_18052017.mp3<\/a><\/audio>\n","protected":false},"excerpt":{"rendered":"<p>Hem dedicat una bona part de l&#8217;edici\u00f3 148 del F\u00f3rmula.CAT al darrer treball dels Sense Sal &#8220;Nom\u00e9s tenim la veu&#8221;, \u00e9s el seu quart disc d&#8217;estudi i n&#8217;hem deixat sonar unes quantes! Tamb\u00e9 us hem presentat el nou LP dels valencians Candela Roots, anomenat &#8220;Humanit\u00e9&#8221;. Aquestes novetats, barrejades amb els cl\u00e0ssics de tots els temps, [&hellip;]<\/p>\n","protected":false},"author":1,"featured_media":0,"comment_status":"closed","ping_status":"closed","sticky":false,"template":"","format":"standard","meta":{"footnotes":""},"categories":[4],"tags":[],"_links":{"self":[{"href":"https:\/\/formulacat.eines.info\/fc\/index.php?rest_route=\/wp\/v2\/posts\/1672"}],"collection":[{"href":"https:\/\/formulacat.eines.info\/fc\/index.php?rest_route=\/wp\/v2\/posts"}],"about":[{"href":"https:\/\/formulacat.eines.info\/fc\/index.php?rest_route=\/wp\/v2\/types\/post"}],"author":[{"embeddable":true,"href":"https:\/\/formulacat.eines.info\/fc\/index.php?rest_route=\/wp\/v2\/users\/1"}],"replies":[{"embeddable":true,"href":"https:\/\/formulacat.eines.info\/fc\/index.php?rest_route=%2Fwp%2Fv2%2Fcomments&post=1672"}],"version-history":[{"count":3,"href":"https:\/\/formulacat.eines.info\/fc\/index.php?rest_route=\/wp\/v2\/posts\/1672\/revisions"}],"predecessor-version":[{"id":1675,"href":"https:\/\/formulacat.eines.info\/fc\/index.php?rest_route=\/wp\/v2\/posts\/1672\/revisions\/1675"}],"wp:attachment":[{"href":"https:\/\/formulacat.eines.info\/fc\/index.php?rest_route=%2Fwp%2Fv2%2Fmedia&parent=1672"}],"wp:term":[{"taxonomy":"category","embeddable":true,"href":"https:\/\/formulacat.eines.info\/fc\/index.php?rest_route=%2Fwp%2Fv2%2Fcategories&post=1672"},{"taxonomy":"post_tag","embeddable":true,"href":"https:\/\/formulacat.eines.info\/fc\/index.php?rest_route=%2Fwp%2Fv2%2Ftags&post=1672"}],"curies":[{"name":"wp","href":"https:\/\/api.w.org\/{rel}","templated":true}]}}