{"id":1287,"date":"2013-02-22T09:08:44","date_gmt":"2013-02-22T08:08:44","guid":{"rendered":""},"modified":"2013-02-22T09:08:44","modified_gmt":"2013-02-22T08:08:44","slug":"","status":"publish","type":"post","link":"https:\/\/formulacat.eines.info\/fc\/?p=1287","title":{"rendered":"Programa 57: Ramir, Vuit, No tinc n\u00f2via i Crator"},"content":{"rendered":"<p>Al programa 57 fem sonar el nou disc dels Vuit, descobrim el cantautor Ramir i el grup barcelon\u00ed No Tinc n\u00f2via. Tot aix\u00f2 entre la millor m\u00fasica del nostre pa\u00eds, de grups emergents i grups ja consolidats: <!--break--><\/p>\n<p>Menaix a Tru\u00e0 &#8211; Com el vent<br \/>\nWhiskyn&#8217;s &#8211; Balla<br \/>\nRAMIR &#8211; Passejant per barcelona<br \/>\nN&#8217;GAI N&#8217;GAI (REVENANT) &#8211; Sunglasses Bonus Track<br \/>\nPulpoPop\u00a0\u00a0&#8211; Cuit ben Cuit!<br \/>\nVuit (Recorda Que) &#8211; Agafa&#8217;m la ma<br \/>\nGossos (En privat) &#8211; Mira&#8217;m b\u00e9<br \/>\nCan\u00e7\u00f3 Freak: APM &#8211; De qu\u00e8 vas?<br \/>\ncratOR &#8211; El senyal s\u00f3c jo (format petit Palau)<br \/>\nEls catarres &#8211; Jenifer<br \/>\nNo Tinc N\u00f2via &#8211; Mil direccions<br \/>\nTribut Sopa de Cabra &#8211; Gossos &#8211; Sota una estrella<br \/>\nTxarango (Benvinguts al llarg viatge) &#8211; Un pam de nas<br \/>\nMishima  &#8211; Tot torna a comen\u00e7ar<br \/>\nBlaumut &#8211; Pa amb oli i sal<br \/>\nMar Abella &#8211; Abans<\/p>\n<p><object id=\"player1810226\" width=\"240\" height=\"133\" type=\"application\/x-shockwave-flash\" data=\"http:\/\/www.ivoox.com\/playerivoox_ee_1810226_1.html\"><param name=\"movie\" value=\"http:\/\/www.ivoox.com\/playerivoox_ee_1810226_1.html\"><\/param><param name=\"AllowScriptAccess\" value=\"always\"><\/param><param name=\"allowFullScreen\" value=\"true\"><\/param><param name=\"wmode\" value=\"transparent\"><\/param><embed src=\"http:\/\/www.ivoox.com\/playerivoox_ee_1810226_1.html\" type=\"application\/x-shockwave-flash\" allowfullscreen=\"true\" wmode=\"transparent\" allowscriptaccess=\"always\" width=\"240\" height=\"133\"><\/embed><\/object><\/p>\n","protected":false},"excerpt":{"rendered":"<p>Al programa 57 fem sonar el nou disc dels Vuit, descobrim el cantautor Ramir i el grup barcelon\u00ed No Tinc n\u00f2via. Tot aix\u00f2 entre la millor m\u00fasica del nostre pa\u00eds, de grups emergents i grups ja consolidats: <\/p>\n","protected":false},"author":0,"featured_media":0,"comment_status":"open","ping_status":"open","sticky":false,"template":"","format":"standard","meta":{"footnotes":""},"categories":[4],"tags":[],"_links":{"self":[{"href":"https:\/\/formulacat.eines.info\/fc\/index.php?rest_route=\/wp\/v2\/posts\/1287"}],"collection":[{"href":"https:\/\/formulacat.eines.info\/fc\/index.php?rest_route=\/wp\/v2\/posts"}],"about":[{"href":"https:\/\/formulacat.eines.info\/fc\/index.php?rest_route=\/wp\/v2\/types\/post"}],"replies":[{"embeddable":true,"href":"https:\/\/formulacat.eines.info\/fc\/index.php?rest_route=%2Fwp%2Fv2%2Fcomments&post=1287"}],"version-history":[{"count":0,"href":"https:\/\/formulacat.eines.info\/fc\/index.php?rest_route=\/wp\/v2\/posts\/1287\/revisions"}],"wp:attachment":[{"href":"https:\/\/formulacat.eines.info\/fc\/index.php?rest_route=%2Fwp%2Fv2%2Fmedia&parent=1287"}],"wp:term":[{"taxonomy":"category","embeddable":true,"href":"https:\/\/formulacat.eines.info\/fc\/index.php?rest_route=%2Fwp%2Fv2%2Fcategories&post=1287"},{"taxonomy":"post_tag","embeddable":true,"href":"https:\/\/formulacat.eines.info\/fc\/index.php?rest_route=%2Fwp%2Fv2%2Ftags&post=1287"}],"curies":[{"name":"wp","href":"https:\/\/api.w.org\/{rel}","templated":true}]}}