{"id":1285,"date":"2013-02-10T10:02:56","date_gmt":"2013-02-10T09:02:56","guid":{"rendered":""},"modified":"2013-02-10T10:02:56","modified_gmt":"2013-02-10T09:02:56","slug":"","status":"publish","type":"post","link":"https:\/\/formulacat.eines.info\/fc\/?p=1285","title":{"rendered":"Programa 55: Gerard Ses\u00e9, Concert privat d&#8217;IX i molt m\u00e9s"},"content":{"rendered":"<p>F\u00f3rmula.CAT Programa 55 amb les novetats del cantautor Gerdard Ses\u00e9, i una mostra del concert privat que IX! va oferir a la Xarxa de Televisions Locals a finals de 2012. La resta de programa per gaudir de la millor m\u00fasica en catal\u00e0 del nostre pa\u00eds! <!--break--><\/p>\n<p>Greda StreetBand (El Discu) &#8211; L&#8217;aigat d&#8217;Olot<br \/>\nCop de Rock 14 &#8211; El Tren De Mitjanit<br \/>\nPastora &#8211; Una Altra Gal\u00e0xia<br \/>\nEls Amics de les Arts (Esp\u00e8cies per Catalogar) &#8211; Carnaval<br \/>\nGerard Sese (De peus al Cel) &#8211; Si existeix la gl\u00f2ria<br \/>\nRaydibaum &#8211; Mati<br \/>\nOrxata Sound System &#8211; 3.0 &#8211; Vaga Mundial Indefinida<br \/>\nL&#8217;Empord\u00e0 \u00e9s un fail &#8211; The Bourney&#8217;s Boys V2<br \/>\nEls catarres &#8211; Men vaig al camp<br \/>\niX! &#8211; Concert Privat XTVL &#8211; De Puntetes<br \/>\nMar Abella &#8211; Abans.mp3<br \/>\nMAK &#038; SAK feat. XANA &#8211; Em Poses A 100<br \/>\nAt Versaris &#8211; (No Fear) Passat, present, futur (amb Fetitxe 13)235546\tZ:\\AUDIO\\PROGRAMES\\FORMULA.CAT\\NOVETATS\\Promeses de Mart &#8211; Vine amb mi.mp3<\/p>\n","protected":false},"excerpt":{"rendered":"<p>F\u00f3rmula.CAT Programa 55 amb les novetats del cantautor Gerdard Ses\u00e9, i una mostra del concert privat que IX! va oferir a la Xarxa de Televisions Locals a finals de 2012. La resta de programa per gaudir de la millor m\u00fasica en catal\u00e0 del nostre pa\u00eds! <\/p>\n","protected":false},"author":0,"featured_media":0,"comment_status":"open","ping_status":"open","sticky":false,"template":"","format":"standard","meta":{"footnotes":""},"categories":[4],"tags":[],"_links":{"self":[{"href":"https:\/\/formulacat.eines.info\/fc\/index.php?rest_route=\/wp\/v2\/posts\/1285"}],"collection":[{"href":"https:\/\/formulacat.eines.info\/fc\/index.php?rest_route=\/wp\/v2\/posts"}],"about":[{"href":"https:\/\/formulacat.eines.info\/fc\/index.php?rest_route=\/wp\/v2\/types\/post"}],"replies":[{"embeddable":true,"href":"https:\/\/formulacat.eines.info\/fc\/index.php?rest_route=%2Fwp%2Fv2%2Fcomments&post=1285"}],"version-history":[{"count":0,"href":"https:\/\/formulacat.eines.info\/fc\/index.php?rest_route=\/wp\/v2\/posts\/1285\/revisions"}],"wp:attachment":[{"href":"https:\/\/formulacat.eines.info\/fc\/index.php?rest_route=%2Fwp%2Fv2%2Fmedia&parent=1285"}],"wp:term":[{"taxonomy":"category","embeddable":true,"href":"https:\/\/formulacat.eines.info\/fc\/index.php?rest_route=%2Fwp%2Fv2%2Fcategories&post=1285"},{"taxonomy":"post_tag","embeddable":true,"href":"https:\/\/formulacat.eines.info\/fc\/index.php?rest_route=%2Fwp%2Fv2%2Ftags&post=1285"}],"curies":[{"name":"wp","href":"https:\/\/api.w.org\/{rel}","templated":true}]}}