{"id":1273,"date":"2012-10-17T12:12:16","date_gmt":"2012-10-17T11:12:16","guid":{"rendered":""},"modified":"2012-10-17T12:12:16","modified_gmt":"2012-10-17T11:12:16","slug":"","status":"publish","type":"post","link":"https:\/\/formulacat.eines.info\/fc\/?p=1273","title":{"rendered":"Programa 45: Ac\u00fastic i Entrevista grup Or\u00edgen; Novetat A.M. Bcn-NY, Blaumut i Mas Style"},"content":{"rendered":"<p>Al programa 45 hem tingut als estudis el grup Or\u00edgen (Conca de Barber\u00e0) per parlar de la seva can\u00e7\u00f3 presentaci\u00f3 &#8220;Gent Catalana&#8221;. Ens l&#8217;han tocat en directe en format ac\u00fastic i tamb\u00e9 ens han regalat una can\u00e7\u00f3 in\u00e8dita en directe: Un, dos, tres, comen\u00e7a el bals.<br \/>\nA banda, hem presentat el duet A.M. amb el seu treball Barcelona-NY, on els dos membres composen les can\u00e7ons via internet i intenten aproximar les dues cultures a trav\u00e9s de la m\u00fasica. Tamb\u00e9 ha entrat al programa com a novetat els Blaumut, i per amenitzar la festa el M.H. president ballant al ritme del kore\u00e0 PSY: Mas Style!<!--break--><\/p>\n<p>Pastora &#8211; Una Altra Gal\u00e0xia<br \/>\nEls catarres &#8211; Tots menys tu<br \/>\nEntrevista Or\u00edgen<br \/>\nAc\u00fastic Or\u00edgen: Gent Catalana (<a href=\"https:\/\/www.youtube.com\/watch?v=Z2XFzhAYVgU&#038;list=UU_7bBpGoGlERakl-UAnjK2g&#038;index=1&#038;feature=plcp\">Video<\/a>)<br \/>\nAc\u00fastic Or\u00edgen: Un dos tres, comen\u00e7a el bals<br \/>\nBlaumut &#8211; Pa amb oli i sal<br \/>\nPol\u00f2nia &#8211; Mas Style<br \/>\nAcousters &#8211; Amants<br \/>\nA.M. &#8211; Barcelona-NY &#8211; El Desert De La Mem\u00f2ria<br \/>\nCaliu &#8211; Tot \u00e9s comen\u00e7ar<br \/>\nLexu&#8217;s &#8211; Fr\u00e0gil<br \/>\nSopa de Cabra &#8211; Naixent cada mat\u00ed<\/p>\n<p><object id=\"player1502337\" width=\"240\" height=\"133\" type=\"application\/x-shockwave-flash\" data=\"http:\/\/www.ivoox.com\/playerivoox_ee_1502337_1.html\"><param name=\"movie\" value=\"http:\/\/www.ivoox.com\/playerivoox_ee_1502337_1.html\"><\/param><param name=\"AllowScriptAccess\" value=\"always\"><\/param><param name=\"allowFullScreen\" value=\"true\"><\/param><param name=\"wmode\" value=\"transparent\"><\/param><embed src=\"http:\/\/www.ivoox.com\/playerivoox_ee_1502337_1.html\" type=\"application\/x-shockwave-flash\" allowfullscreen=\"true\" wmode=\"transparent\" allowscriptaccess=\"always\" width=\"240\" height=\"133\"><\/embed><\/object><\/p>\n<p><iframe loading=\"lazy\" width=\"560\" height=\"315\" src=\"http:\/\/www.youtube.com\/embed\/Z2XFzhAYVgU?list=UU_7bBpGoGlERakl-UAnjK2g&amp;hl=ca_ES\" frameborder=\"0\" allowfullscreen><\/iframe><\/p>\n","protected":false},"excerpt":{"rendered":"<p>Al programa 45 hem tingut als estudis el grup Or\u00edgen (Conca de Barber\u00e0) per parlar de la seva can\u00e7\u00f3 presentaci\u00f3 &#8220;Gent Catalana&#8221;. Ens l&#8217;han tocat en directe en format ac\u00fastic i tamb\u00e9 ens han regalat una can\u00e7\u00f3 in\u00e8dita en directe: Un, dos, tres, comen\u00e7a el bals.<br \/>\nA banda, hem presentat el duet A.M. amb el seu treball Barcelona-NY, on els dos membres composen les can\u00e7ons via internet i intenten aproximar les dues cultures a trav\u00e9s de la m\u00fasica. Tamb\u00e9 ha entrat al programa com a novetat els Blaumut, i per amenitzar la festa el M.H. president ballant al ritme del kore\u00e0 PSY: Mas Style!<\/p>\n","protected":false},"author":0,"featured_media":0,"comment_status":"open","ping_status":"open","sticky":false,"template":"","format":"standard","meta":{"footnotes":""},"categories":[4],"tags":[],"_links":{"self":[{"href":"https:\/\/formulacat.eines.info\/fc\/index.php?rest_route=\/wp\/v2\/posts\/1273"}],"collection":[{"href":"https:\/\/formulacat.eines.info\/fc\/index.php?rest_route=\/wp\/v2\/posts"}],"about":[{"href":"https:\/\/formulacat.eines.info\/fc\/index.php?rest_route=\/wp\/v2\/types\/post"}],"replies":[{"embeddable":true,"href":"https:\/\/formulacat.eines.info\/fc\/index.php?rest_route=%2Fwp%2Fv2%2Fcomments&post=1273"}],"version-history":[{"count":0,"href":"https:\/\/formulacat.eines.info\/fc\/index.php?rest_route=\/wp\/v2\/posts\/1273\/revisions"}],"wp:attachment":[{"href":"https:\/\/formulacat.eines.info\/fc\/index.php?rest_route=%2Fwp%2Fv2%2Fmedia&parent=1273"}],"wp:term":[{"taxonomy":"category","embeddable":true,"href":"https:\/\/formulacat.eines.info\/fc\/index.php?rest_route=%2Fwp%2Fv2%2Fcategories&post=1273"},{"taxonomy":"post_tag","embeddable":true,"href":"https:\/\/formulacat.eines.info\/fc\/index.php?rest_route=%2Fwp%2Fv2%2Ftags&post=1273"}],"curies":[{"name":"wp","href":"https:\/\/api.w.org\/{rel}","templated":true}]}}