{"id":1270,"date":"2012-09-26T09:16:13","date_gmt":"2012-09-26T08:16:13","guid":{"rendered":""},"modified":"2012-09-26T09:16:13","modified_gmt":"2012-09-26T08:16:13","slug":"","status":"publish","type":"post","link":"https:\/\/formulacat.eines.info\/fc\/?p=1270","title":{"rendered":"Programa 42: Novetats Eduard Font, Abril i Gerard Civat i els Civets"},"content":{"rendered":"<p>El segon programa de la temporada v\u00e9 amb una selecci\u00f3 musical que inclou les novetats d&#8217;Eduard Font, el grup Abril i la formaci\u00f3 Gerard Civat i els Civets. A m\u00e9s tamb\u00e9 escoltarem m\u00fasica que ja hem anat descobrint en anteriors programes i un parell de cl\u00e0ssics F\u00f3rmula.CAT. Llista de can\u00e7ons a continuaci\u00f3:<!--break--><\/p>\n<p>Cop de Rock &#8211; Vine a La Festa<br \/>\nMazoni &#8211; No tinc temps<br \/>\nGerard Civat (Una Part de Tu) Queda&#8217;t Amb Mi<br \/>\nN&#8217;GAI N&#8217;GAI (REVENANT) &#8211; Sunglasses Bonus Track<br \/>\nEduard Font &#8211; Dormo, encara<br \/>\nSirga (XEIC) &#8211; Quatre estacions amb taronja a les terres de l&#8217;Ebre<br \/>\nABRIL &#8211; Podria Ser<br \/>\nJoana Serrat &#8211; Princesa de Colors<br \/>\nSanjosex &#8211; Temps o rellotge<br \/>\nLes Sueques &#8211; I que AH<br \/>\nSAU &#8211; Boig Per Tu<br \/>\nRosa Luxemburg &#8211; A_la_carena<br \/>\nAcousters (Darrere la Porta) &#8211; Amants<br \/>\nRaydibaum (Manual de g\u00e8nere catastr\u00f2fic) &#8211; Maleeixo el temps<br \/>\nGertrudis &#038; Jarabe de Palo &#8211; Ara vinc d&#8217;enlloc<\/p>\n<p><object id=\"player1451449\" width=\"240\" height=\"133\" type=\"application\/x-shockwave-flash\" data=\"http:\/\/www.ivoox.com\/playerivoox_ee_1451449_1.html\"><param name=\"movie\" value=\"http:\/\/www.ivoox.com\/playerivoox_ee_1451449_1.html\"><\/param><param name=\"AllowScriptAccess\" value=\"always\"><\/param><param name=\"allowFullScreen\" value=\"true\"><\/param><param name=\"wmode\" value=\"transparent\"><\/param><embed src=\"http:\/\/www.ivoox.com\/playerivoox_ee_1451449_1.html\" type=\"application\/x-shockwave-flash\" allowfullscreen=\"true\" wmode=\"transparent\" allowscriptaccess=\"always\" width=\"240\" height=\"133\"><\/embed><\/object><\/p>\n","protected":false},"excerpt":{"rendered":"<p>El segon programa de la temporada v\u00e9 amb una selecci\u00f3 musical que inclou les novetats d&#8217;Eduard Font, el grup Abril i la formaci\u00f3 Gerard Civat i els Civets. A m\u00e9s tamb\u00e9 escoltarem m\u00fasica que ja hem anat descobrint en anteriors programes i un parell de cl\u00e0ssics F\u00f3rmula.CAT. Llista de can\u00e7ons a continuaci\u00f3:<\/p>\n","protected":false},"author":0,"featured_media":0,"comment_status":"open","ping_status":"open","sticky":false,"template":"","format":"standard","meta":{"footnotes":""},"categories":[4],"tags":[],"_links":{"self":[{"href":"https:\/\/formulacat.eines.info\/fc\/index.php?rest_route=\/wp\/v2\/posts\/1270"}],"collection":[{"href":"https:\/\/formulacat.eines.info\/fc\/index.php?rest_route=\/wp\/v2\/posts"}],"about":[{"href":"https:\/\/formulacat.eines.info\/fc\/index.php?rest_route=\/wp\/v2\/types\/post"}],"replies":[{"embeddable":true,"href":"https:\/\/formulacat.eines.info\/fc\/index.php?rest_route=%2Fwp%2Fv2%2Fcomments&post=1270"}],"version-history":[{"count":0,"href":"https:\/\/formulacat.eines.info\/fc\/index.php?rest_route=\/wp\/v2\/posts\/1270\/revisions"}],"wp:attachment":[{"href":"https:\/\/formulacat.eines.info\/fc\/index.php?rest_route=%2Fwp%2Fv2%2Fmedia&parent=1270"}],"wp:term":[{"taxonomy":"category","embeddable":true,"href":"https:\/\/formulacat.eines.info\/fc\/index.php?rest_route=%2Fwp%2Fv2%2Fcategories&post=1270"},{"taxonomy":"post_tag","embeddable":true,"href":"https:\/\/formulacat.eines.info\/fc\/index.php?rest_route=%2Fwp%2Fv2%2Ftags&post=1270"}],"curies":[{"name":"wp","href":"https:\/\/api.w.org\/{rel}","templated":true}]}}