{"id":1269,"date":"2012-09-25T10:33:07","date_gmt":"2012-09-25T09:33:07","guid":{"rendered":""},"modified":"2012-09-26T09:11:39","modified_gmt":"2012-09-26T08:11:39","slug":"","status":"publish","type":"post","link":"https:\/\/formulacat.eines.info\/fc\/?p=1269","title":{"rendered":"Inici segona temporada"},"content":{"rendered":"<p>El 18 de setembre de 2012 hem estrenat la segona temporada del F\u00f3rmula.CAT a R\u00e0dio Canet amb m\u00e9s m\u00fasica en catal\u00e0 i grups emergents del nostre pa\u00eds! Hem descobert el grup ABRIL i hem recuperat un parell de can\u00e7ons escrites expressament per la diada nacional de Catalunya en clau independentista. Finalment hem fet sonar m\u00fasica de la que ja coneixeu i us agrada! Playlist sencera a continuaci\u00f3:<br \/>\n<!--break--><br \/>\nAbril &#8211; Cridant<br \/>\nLa Iaia &#8211; Les Ratlles del Banyador\\(04) La Iaia &#8211; Explosio<br \/>\nLa Porta dels Somnis &#8211; Massa Arriscat<br \/>\nTerapia de Shock &#8211; La Taverna<br \/>\nQuim Vila &#8211; Ara toca independencia<br \/>\nSopa de Cabra &#8211; Mai trobar\u00e0s<br \/>\nMazoni &#8211; Inspira, conspira (Guillamino Montevideo remix)<br \/>\nTxarango (Benvinguts al llarg viatge) &#8211;  Un pam de nas<br \/>\nMishima (L&#8217;amor feli\u00e7 [2012]) &#8211; No obe\u00efr<br \/>\nPastora  (Una altra gal\u00e0xia) &#8211; Sentit De L&#8217;humor<br \/>\nMar Abella &#8211; Tu i Jo<br \/>\nFalkon &#038; Firkin &#8211; Cridem La Llibertat<br \/>\nDel\u00e8n &#8211; Sa roba estesa<br \/>\nESQUERDA &#8211; l&#8217;endem\u00e0 (Entrevistats en temporada anterior)<br \/>\nEric Vinaixa &#8211; Escac i Mat<\/p>\n<p><object id=\"player1450787\" width=\"240\" height=\"133\" type=\"application\/x-shockwave-flash\" data=\"http:\/\/www.ivoox.com\/playerivoox_ee_1450787_1.html\"><param name=\"movie\" value=\"http:\/\/www.ivoox.com\/playerivoox_ee_1450787_1.html\"><\/param><param name=\"AllowScriptAccess\" value=\"always\"><\/param><param name=\"allowFullScreen\" value=\"true\"><\/param><param name=\"wmode\" value=\"transparent\"><\/param><embed src=\"http:\/\/www.ivoox.com\/playerivoox_ee_1450787_1.html\" type=\"application\/x-shockwave-flash\" allowfullscreen=\"true\" wmode=\"transparent\" allowscriptaccess=\"always\" width=\"240\" height=\"133\"><\/embed><\/object><\/p>\n","protected":false},"excerpt":{"rendered":"<p>El 18 de setembre de 2012 hem estrenat la segona temporada del F\u00f3rmula.CAT a R\u00e0dio Canet amb m\u00e9s m\u00fasica en catal\u00e0 i grups emergents del nostre pa\u00eds! Hem descobert el grup ABRIL i hem recuperat un parell de can\u00e7ons escrites expressament per la diada nacional de Catalunya en clau independentista. Finalment hem fet sonar m\u00fasica de la que ja coneixeu i us agrada! Playlist sencera a continuaci\u00f3:<\/p>\n","protected":false},"author":0,"featured_media":0,"comment_status":"open","ping_status":"open","sticky":false,"template":"","format":"standard","meta":{"footnotes":""},"categories":[4],"tags":[],"_links":{"self":[{"href":"https:\/\/formulacat.eines.info\/fc\/index.php?rest_route=\/wp\/v2\/posts\/1269"}],"collection":[{"href":"https:\/\/formulacat.eines.info\/fc\/index.php?rest_route=\/wp\/v2\/posts"}],"about":[{"href":"https:\/\/formulacat.eines.info\/fc\/index.php?rest_route=\/wp\/v2\/types\/post"}],"replies":[{"embeddable":true,"href":"https:\/\/formulacat.eines.info\/fc\/index.php?rest_route=%2Fwp%2Fv2%2Fcomments&post=1269"}],"version-history":[{"count":0,"href":"https:\/\/formulacat.eines.info\/fc\/index.php?rest_route=\/wp\/v2\/posts\/1269\/revisions"}],"wp:attachment":[{"href":"https:\/\/formulacat.eines.info\/fc\/index.php?rest_route=%2Fwp%2Fv2%2Fmedia&parent=1269"}],"wp:term":[{"taxonomy":"category","embeddable":true,"href":"https:\/\/formulacat.eines.info\/fc\/index.php?rest_route=%2Fwp%2Fv2%2Fcategories&post=1269"},{"taxonomy":"post_tag","embeddable":true,"href":"https:\/\/formulacat.eines.info\/fc\/index.php?rest_route=%2Fwp%2Fv2%2Ftags&post=1269"}],"curies":[{"name":"wp","href":"https:\/\/api.w.org\/{rel}","templated":true}]}}